{"id":1135,"date":"2020-06-01T08:31:43","date_gmt":"2020-06-01T06:31:43","guid":{"rendered":"http:\/\/poradniaplock2.pl\/?p=1135"},"modified":"2020-06-01T08:32:16","modified_gmt":"2020-06-01T06:32:16","slug":"1-czerwca-dzien-dziecka","status":"publish","type":"post","link":"https:\/\/poradniaplock2.pl\/?p=1135","title":{"rendered":"1 czerwca Dzie\u0144 Dziecka"},"content":{"rendered":"\n<p>\u00a0\u00a0\u00a0\u00a0\u00a0\u00a0\u00a0\u00a0\u00a0\u00a0\u00a0\u00a0\u015awi\u0119to to ma na celu\u00a0propagowanie idei braterstwa i zrozumienia pomi\u0119dzy dzie\u0107mi ca\u0142ego \u015bwiata oraz promowanie dzia\u0142a\u0144 na rzecz ich pomy\u015blnego rozwoju.\u00a0W Polsce od 1929 roku 22 wrze\u015bnia obchodzono\u00a0<strong>\u015awi\u0119to<\/strong>\u00a0<strong>Dziecka<\/strong>. Po II wojnie \u015bwiatowej oficjalnie dzie\u0144 ten powr\u00f3ci\u0142 1 czerwca 1952 roku.\u00a0\u00a0<\/p>\n\n\n\n<p>Od 1994 roku&nbsp;tego dnia w Warszawie obraduje&nbsp;<strong>Sejm Dzieci i M\u0142odzie\u017cy<\/strong>. W tym czasie m\u0142odzie\u017c zasiada w sali plenarnej Sejmu, podejmuje uchwa\u0142y i rezolucje dotycz\u0105ce ich spraw.&nbsp;Na \u015bwiecie od 1954 roku 20 listopada obchodzony jest Mi\u0119dzynarodowy Dzie\u0144 Dziecka ustalony przez&nbsp;Zgromadzenia Og\u00f3lnego Organizacji Narod\u00f3w Zjednoczonych. Wiele kraj\u00f3w na \u015bwiecie, w tym Polska, \u015bwi\u0119tuje Dzie\u0144 Dziecka innego dnia i w nieco innej formie.&nbsp;Jest to dzie\u0144 przepe\u0142niony rado\u015bci\u0105 i \u015bwi\u0119towaniem. W tym czasie dzieci s\u0105 cz\u0119sto obdarowywane upominkami przez rodzic\u00f3w.&nbsp;<\/p>\n\n\n\n<h4 class=\"has-text-align-center wp-block-heading\"><strong><em>W dniu tak pi\u0119knym i wspania\u0142ym<br>\u017cyczymy Wam sercem ca\u0142ym<br>moc u\u015bmiechu i rado\u015bci<br>szcz\u0119\u015bcia, zdrowia, pomy\u015blno\u015bci.<\/em><\/strong><\/h4>\n\n\n\n<h4 class=\"has-text-align-center wp-block-heading\"><strong><em>Mi\u0142ego dnia dzieciaki !<\/em><\/strong><\/h4>\n","protected":false},"excerpt":{"rendered":"<p>\u00a0\u00a0\u00a0\u00a0\u00a0\u00a0\u00a0\u00a0\u00a0\u00a0\u00a0\u00a0\u015awi\u0119to to ma na celu\u00a0propagowanie idei braterstwa i zrozumienia pomi\u0119dzy dzie\u0107mi ca\u0142ego \u015bwiata oraz promowanie dzia\u0142a\u0144 na rzecz ich pomy\u015blnego rozwoju.\u00a0W Polsce od 1929 roku 22 wrze\u015bnia obchodzono\u00a0\u015awi\u0119to\u00a0Dziecka. Po II wojnie \u015bwiatowej oficjalnie dzie\u0144 ten powr\u00f3ci\u0142 1 czerwca 1952 roku.\u00a0\u00a0 Od 1994 roku&nbsp;tego dnia w Warszawie obraduje&nbsp;Sejm Dzieci i M\u0142odzie\u017cy. [&hellip;]<\/p>\n","protected":false},"author":1,"featured_media":38,"comment_status":"closed","ping_status":"closed","sticky":false,"template":"","format":"standard","meta":{"_monsterinsights_skip_tracking":false,"_monsterinsights_sitenote_active":false,"_monsterinsights_sitenote_note":"","_monsterinsights_sitenote_category":0,"_themeisle_gutenberg_block_has_review":false,"footnotes":""},"categories":[1],"tags":[],"class_list":["post-1135","post","type-post","status-publish","format-standard","has-post-thumbnail","hentry","category-bez-kategorii"],"_links":{"self":[{"href":"https:\/\/poradniaplock2.pl\/index.php?rest_route=\/wp\/v2\/posts\/1135","targetHints":{"allow":["GET"]}}],"collection":[{"href":"https:\/\/poradniaplock2.pl\/index.php?rest_route=\/wp\/v2\/posts"}],"about":[{"href":"https:\/\/poradniaplock2.pl\/index.php?rest_route=\/wp\/v2\/types\/post"}],"author":[{"embeddable":true,"href":"https:\/\/poradniaplock2.pl\/index.php?rest_route=\/wp\/v2\/users\/1"}],"replies":[{"embeddable":true,"href":"https:\/\/poradniaplock2.pl\/index.php?rest_route=%2Fwp%2Fv2%2Fcomments&post=1135"}],"version-history":[{"count":2,"href":"https:\/\/poradniaplock2.pl\/index.php?rest_route=\/wp\/v2\/posts\/1135\/revisions"}],"predecessor-version":[{"id":1137,"href":"https:\/\/poradniaplock2.pl\/index.php?rest_route=\/wp\/v2\/posts\/1135\/revisions\/1137"}],"wp:featuredmedia":[{"embeddable":true,"href":"https:\/\/poradniaplock2.pl\/index.php?rest_route=\/wp\/v2\/media\/38"}],"wp:attachment":[{"href":"https:\/\/poradniaplock2.pl\/index.php?rest_route=%2Fwp%2Fv2%2Fmedia&parent=1135"}],"wp:term":[{"taxonomy":"category","embeddable":true,"href":"https:\/\/poradniaplock2.pl\/index.php?rest_route=%2Fwp%2Fv2%2Fcategories&post=1135"},{"taxonomy":"post_tag","embeddable":true,"href":"https:\/\/poradniaplock2.pl\/index.php?rest_route=%2Fwp%2Fv2%2Ftags&post=1135"}],"curies":[{"name":"wp","href":"https:\/\/api.w.org\/{rel}","templated":true}]}}