{"id":1263,"date":"2021-03-19T20:01:19","date_gmt":"2021-03-19T19:01:19","guid":{"rendered":"https:\/\/poradniaplock2.pl\/?p=1263"},"modified":"2021-03-22T21:35:35","modified_gmt":"2021-03-22T20:35:35","slug":"wazne-ogloszenie-2","status":"publish","type":"post","link":"https:\/\/poradniaplock2.pl\/?p=1263","title":{"rendered":"Zasady funkcjonowania Poradni w okresie od 22 marca 2021 r. do 09 kwietnia 2021 r."},"content":{"rendered":"\n<ol class=\"wp-block-list\" type=\"1\"><li><strong>Zawieszenie terapii stacjonarnej (zaj\u0119cia indywidualne i grupowe).<\/strong><\/li><li><strong>Wszystkie osoby wchodz\u0105ce do Poradni obowi\u0105zane s\u0105 zdezynfekowa\u0107 r\u0119ce, umieszczonym w miejscu dost\u0119pnym przy drzwiach wej\u015bciowych w dyspenserze.<\/strong><\/li><li><strong>Ka\u017cda osoba przebywaj\u0105ca na terenie plac\u00f3wki obowi\u0105zana jest do noszenia prawid\u0142owo za\u0142o\u017conej maseczki z wyj\u0105tkiem dziecka do uko\u0144czenia 4 roku \u017cycia,<\/strong><\/li><li><strong>Dziecko przychodzi do Poradni wy\u0142\u0105cznie z jednym opiekunem.<\/strong><\/li><li><strong>W korytarzu mog\u0105 oczekiwa\u0107 jedynie opiekunowie dzieci do 10 roku \u017cycia ( kl. III SP w\u0142\u0105cznie ), w wyznaczonych miejscach.<\/strong><\/li><li><strong>Na terenie plac\u00f3wki przebywaj\u0105 wy\u0142\u0105cznie dzieci aktualnie diagnozowane.<\/strong><\/li><li><strong>Je\u017celi jest to mo\u017cliwe, osoby oczekuj\u0105ce powinny przebywa\u0107 na zewn\u0105trz budynku.<\/strong><\/li><li><strong>Dziecko przychodzi do Poradni na badanie ze swoimi przyborami (o\u0142\u00f3wek, kredki, d\u0142ugopis).<\/strong><\/li><\/ol>\n\n\n\n<p>Od 22 marca 2021 do 9 kwietnia 2021 zaj\u0119cia terapeutyczne indywidualne i grupowe zostaj\u0105 zawieszone. W wy\u017cej wymienionej sprawie prosimy o kontakt z terapeutami.<\/p>\n\n\n\n<p><\/p>\n","protected":false},"excerpt":{"rendered":"<p>Zawieszenie terapii stacjonarnej (zaj\u0119cia indywidualne i grupowe). Wszystkie osoby wchodz\u0105ce do Poradni obowi\u0105zane s\u0105 zdezynfekowa\u0107 r\u0119ce, umieszczonym w miejscu dost\u0119pnym przy drzwiach wej\u015bciowych w dyspenserze. Ka\u017cda osoba przebywaj\u0105ca na terenie plac\u00f3wki obowi\u0105zana jest do noszenia prawid\u0142owo za\u0142o\u017conej maseczki z wyj\u0105tkiem dziecka do uko\u0144czenia 4 roku \u017cycia, Dziecko przychodzi do Poradni [&hellip;]<\/p>\n","protected":false},"author":1,"featured_media":1253,"comment_status":"closed","ping_status":"closed","sticky":false,"template":"","format":"standard","meta":{"_monsterinsights_skip_tracking":false,"_monsterinsights_sitenote_active":false,"_monsterinsights_sitenote_note":"","_monsterinsights_sitenote_category":0,"_themeisle_gutenberg_block_has_review":false,"footnotes":""},"categories":[18],"tags":[],"class_list":["post-1263","post","type-post","status-publish","format-standard","has-post-thumbnail","hentry","category-informacje"],"_links":{"self":[{"href":"https:\/\/poradniaplock2.pl\/index.php?rest_route=\/wp\/v2\/posts\/1263","targetHints":{"allow":["GET"]}}],"collection":[{"href":"https:\/\/poradniaplock2.pl\/index.php?rest_route=\/wp\/v2\/posts"}],"about":[{"href":"https:\/\/poradniaplock2.pl\/index.php?rest_route=\/wp\/v2\/types\/post"}],"author":[{"embeddable":true,"href":"https:\/\/poradniaplock2.pl\/index.php?rest_route=\/wp\/v2\/users\/1"}],"replies":[{"embeddable":true,"href":"https:\/\/poradniaplock2.pl\/index.php?rest_route=%2Fwp%2Fv2%2Fcomments&post=1263"}],"version-history":[{"count":3,"href":"https:\/\/poradniaplock2.pl\/index.php?rest_route=\/wp\/v2\/posts\/1263\/revisions"}],"predecessor-version":[{"id":1266,"href":"https:\/\/poradniaplock2.pl\/index.php?rest_route=\/wp\/v2\/posts\/1263\/revisions\/1266"}],"wp:featuredmedia":[{"embeddable":true,"href":"https:\/\/poradniaplock2.pl\/index.php?rest_route=\/wp\/v2\/media\/1253"}],"wp:attachment":[{"href":"https:\/\/poradniaplock2.pl\/index.php?rest_route=%2Fwp%2Fv2%2Fmedia&parent=1263"}],"wp:term":[{"taxonomy":"category","embeddable":true,"href":"https:\/\/poradniaplock2.pl\/index.php?rest_route=%2Fwp%2Fv2%2Fcategories&post=1263"},{"taxonomy":"post_tag","embeddable":true,"href":"https:\/\/poradniaplock2.pl\/index.php?rest_route=%2Fwp%2Fv2%2Ftags&post=1263"}],"curies":[{"name":"wp","href":"https:\/\/api.w.org\/{rel}","templated":true}]}}