{"id":1758,"date":"2025-10-09T18:29:44","date_gmt":"2025-10-09T16:29:44","guid":{"rendered":"https:\/\/poradniaplock2.pl\/?p=1758"},"modified":"2025-10-09T18:29:45","modified_gmt":"2025-10-09T16:29:45","slug":"swiatowy-dzien-zdrowia-psychicznego","status":"publish","type":"post","link":"https:\/\/poradniaplock2.pl\/?p=1758","title":{"rendered":"\u015awiatowy Dzie\u0144 Zdrowia Psychicznego"},"content":{"rendered":"\n<p><strong>10 pa\u017adziernika<\/strong> przypada <strong>\u015awiatowy Dzie\u0144 Zdrowia Psychicznego<\/strong>. Obchody te zosta\u0142y zainicjowane przez \u015awiatow\u0105 Federacj\u0119 Zdrowia Psychicznego (WFMH) i stanowi\u0105 wa\u017cn\u0105 okazj\u0119, aby zwr\u00f3ci\u0107 uwag\u0119 na kondycj\u0119 psychiczn\u0105 Polek i Polak\u00f3w. Alarmuj\u0105ce dane dotycz\u0105 zw\u0142aszcza <strong>ludzi m\u0142odych<\/strong>:&nbsp;<br>niemal po\u0142owa (46%) badanych m\u0142odych os\u00f3b <strong>cechuje si\u0119 skrajnie nisk\u0105 samoocen\u0105<\/strong>, a blisko 1\/3 m\u0142odych Polak\u00f3w <strong>nie akceptuje tego, kim jest i jak wygl\u0105da<\/strong>. Poza tym niemal co trzeci m\u0142ody cz\u0142owiek (37,5%)<strong> czuje si\u0119 samotny<\/strong> (dane z raportu M\u0142ode G\u0142owy, Fundacja Unaweza).&nbsp;<\/p>\n\n\n\n<p>Problemy zdrowia psychicznego ludzi m\u0142odych nie s\u0105 zatem zjawiskiem marginalnym. Warto w \u015awiatowym Dniu Zdrowia Psychicznego <strong>rozmawia\u0107 z dzie\u0107mi i m\u0142odzie\u017c\u0105 <\/strong>na temat ichkondycji i <strong>wskaza\u0107 dobre praktyki<\/strong> chroni\u0105ce ich dobrostan. Wa\u017cne jest, aby ka\u017cdy m\u0142ody cz\u0142owiek wiedzia\u0142, jak i gdzie mo\u017ce <strong>uzyska\u0107 pomoc<\/strong> i wsparcie w kryzysie emocjonalnym. Czasami ju\u017c kilka prostych krok\u00f3w wystarczy, aby czu\u0107 si\u0119 lepiej. Eksperci zach\u0119caj\u0105 do stosowania metody <strong>\u201eCzterech Zetek\u201c<\/strong>, stanowi\u0105cej schemat <strong>pierwszej pomocy emocjonalnej<\/strong> dla os\u00f3b w kryzysie. Metoda ta jest prostym, ale skutecznym narz\u0119dziem, kt\u00f3re pozwala w bezpieczny spos\u00f3b zaadresowa\u0107 problem i zach\u0119ci\u0107 do szukania profesjonalnej pomocy.&nbsp;<\/p>\n\n\n\n<p>Kroki \u201eCzterech Zetek\u201c to:&nbsp;<\/p>\n\n\n\n<ol start=\"1\" class=\"wp-block-list\">\n<li><strong>Zauwa\u017c:<\/strong> Zaobserwuj i zaadresuj nietypowe zachowanie, wyra\u017caj\u0105c trosk\u0119 (np. \u201eZauwa\u017cy\u0142am, \u017ce ostatnio jeste\u015b smutny. Martwi\u0119 si\u0119 o ciebie.\u201c).\u00a0<\/li>\n\n\n\n<li><strong>Zapytaj:<\/strong> Zach\u0119\u0107 do rozmowy poprzez bezpo\u015brednie pytanie (np. \u201eCzy chcesz mi powiedzie\u0107, co si\u0119 u ciebie dzieje?\u201c).\u00a0<\/li>\n\n\n\n<li><strong>Zaakceptuj:<\/strong> Bez oceniania wys\u0142uchaj i zaakceptuj perspektyw\u0119 drugiej osoby, nawet je\u015bli r\u00f3\u017cni si\u0119 od twojej (np. \u201eRozumiem, \u017ce tak to widzisz. Przykro mi, \u017ce jest ci z tym trudno.\u201c).\u00a0<\/li>\n\n\n\n<li><strong>Zareaguj:<\/strong> Zaproponuj fachow\u0105 pomoc, oferuj\u0105c jednocze\u015bnie swoje wsparcie w procesie jej szukania (np. \u201eNie wiem, jak pom\u00f3c ci w tej chwili, ale znajdziemy kogo\u015b, kto to zrobi, a ja b\u0119d\u0119 z tob\u0105.\u201c).\u00a0<\/li>\n<\/ol>\n\n\n\n<p>Te pierwsze kroki s\u0105 kluczowe w celu uzyskania dalszej pomocy i wsparcia w kryzysie emocjonalnym.&nbsp;&nbsp;<\/p>\n\n\n\n<p><strong>Pami\u0119tajmy, \u017ce dbanie od odpowiedni\u0105 kondycj\u0119 psychiczn\u0105 jest r\u00f3wnie wa\u017cne, jak dbanie o zdrowie fizyczne \u2013 ma ogromny wp\u0142yw na mo\u017cliwo\u015bci dalszego rozwoju oraz osi\u0105ganie pe\u0142nego potencja\u0142u przez dzieci i m\u0142odzie\u017c. <\/strong>&nbsp;<br>Wi\u0119cej wskaz\u00f3wek na temat, jak dba\u0107 o zdrowie psychiczne m\u0142odych os\u00f3b znajduje si\u0119 w poradniku: &nbsp;<br><a href=\"https:\/\/www.c-and-a.com\/pl\/pl\/shop\/zdrowie-psychiczne-dzieci-i-mlodziezy\" target=\"_blank\" rel=\"noreferrer noopener\">https:\/\/www.c-and-a.com\/pl\/pl\/shop\/zdrowie-psychiczne-dzieci-i-mlodziezy<\/a>&nbsp;<\/p>\n","protected":false},"excerpt":{"rendered":"<p>10 pa\u017adziernika przypada \u015awiatowy Dzie\u0144 Zdrowia Psychicznego. Obchody te zosta\u0142y zainicjowane przez \u015awiatow\u0105 Federacj\u0119 Zdrowia Psychicznego (WFMH) i stanowi\u0105 wa\u017cn\u0105 okazj\u0119, aby zwr\u00f3ci\u0107 uwag\u0119 na kondycj\u0119 psychiczn\u0105 Polek i Polak\u00f3w. Alarmuj\u0105ce dane dotycz\u0105 zw\u0142aszcza ludzi m\u0142odych:&nbsp;niemal po\u0142owa (46%) badanych m\u0142odych os\u00f3b cechuje si\u0119 skrajnie nisk\u0105 samoocen\u0105, a blisko 1\/3 m\u0142odych [&hellip;]<\/p>\n","protected":false},"author":1,"featured_media":1759,"comment_status":"closed","ping_status":"closed","sticky":false,"template":"","format":"standard","meta":{"_monsterinsights_skip_tracking":false,"_monsterinsights_sitenote_active":false,"_monsterinsights_sitenote_note":"","_monsterinsights_sitenote_category":0,"_themeisle_gutenberg_block_has_review":false,"footnotes":""},"categories":[18],"tags":[],"class_list":["post-1758","post","type-post","status-publish","format-standard","has-post-thumbnail","hentry","category-informacje"],"_links":{"self":[{"href":"https:\/\/poradniaplock2.pl\/index.php?rest_route=\/wp\/v2\/posts\/1758","targetHints":{"allow":["GET"]}}],"collection":[{"href":"https:\/\/poradniaplock2.pl\/index.php?rest_route=\/wp\/v2\/posts"}],"about":[{"href":"https:\/\/poradniaplock2.pl\/index.php?rest_route=\/wp\/v2\/types\/post"}],"author":[{"embeddable":true,"href":"https:\/\/poradniaplock2.pl\/index.php?rest_route=\/wp\/v2\/users\/1"}],"replies":[{"embeddable":true,"href":"https:\/\/poradniaplock2.pl\/index.php?rest_route=%2Fwp%2Fv2%2Fcomments&post=1758"}],"version-history":[{"count":1,"href":"https:\/\/poradniaplock2.pl\/index.php?rest_route=\/wp\/v2\/posts\/1758\/revisions"}],"predecessor-version":[{"id":1760,"href":"https:\/\/poradniaplock2.pl\/index.php?rest_route=\/wp\/v2\/posts\/1758\/revisions\/1760"}],"wp:featuredmedia":[{"embeddable":true,"href":"https:\/\/poradniaplock2.pl\/index.php?rest_route=\/wp\/v2\/media\/1759"}],"wp:attachment":[{"href":"https:\/\/poradniaplock2.pl\/index.php?rest_route=%2Fwp%2Fv2%2Fmedia&parent=1758"}],"wp:term":[{"taxonomy":"category","embeddable":true,"href":"https:\/\/poradniaplock2.pl\/index.php?rest_route=%2Fwp%2Fv2%2Fcategories&post=1758"},{"taxonomy":"post_tag","embeddable":true,"href":"https:\/\/poradniaplock2.pl\/index.php?rest_route=%2Fwp%2Fv2%2Ftags&post=1758"}],"curies":[{"name":"wp","href":"https:\/\/api.w.org\/{rel}","templated":true}]}}