{"id":598,"date":"2020-03-16T13:59:12","date_gmt":"2020-03-16T12:59:12","guid":{"rendered":"http:\/\/poradniaplock2.pl\/?p=598"},"modified":"2020-03-16T13:59:13","modified_gmt":"2020-03-16T12:59:13","slug":"wazna-informacja-2","status":"publish","type":"post","link":"https:\/\/poradniaplock2.pl\/?p=598","title":{"rendered":"WA\u017bNA INFORMACJA"},"content":{"rendered":"\n<p><strong>Szanowni Pa\u0144stwo,<\/strong><\/p>\n\n\n\n<p>W zwi\u0105zku z&nbsp;rozprzestrzenianiem si\u0119 koronawirusa,&nbsp; za zgod\u0105 organu prowadz\u0105cego oraz na podstawie&nbsp;\u00a7&nbsp;18 ust. 2 pkt.2 Rozporz\u0105dzenia Ministra Edukacji Narodowej i Sportu z dnia 31 grudnia 2002 r.&nbsp;<br>w sprawie bezpiecze\u0144stwa i higieny w publicznych i niepublicznych szko\u0142ach i plac\u00f3wkach informujemy,&nbsp; \u017ce dzia\u0142ania dydaktyczne Poradni Psychologiczno-Pedagogicznej nr 2 w P\u0142ocku zostaj\u0105 zawieszone.&nbsp;<strong>Oznacza to, \u017ce nie odbywaj\u0105 si\u0119 w tych dniach \u017cadne spotkania terapeutyczne, diagnostyczne oraz wspieraj\u0105ce.<\/strong><\/p>\n\n\n\n<p>Poradnia Psychologiczno-Pedagogiczna nr 2 w P\u0142ocku b\u0119dzie do dnia 25.03.2020 r. zamkni\u0119ta, by ograniczy\u0107 kontakt mi\u0119dzy osobami&nbsp;<br>i zminimalizowa\u0107 przenoszenie wirusa poprzez kontakty mi\u0119dzy lud\u017ami. Prosimy zatem, by sk\u0142ada\u0107 wnioski oraz odbiera\u0107 dokumenty po 25.03.2020 r.&nbsp;<\/p>\n\n\n\n<p>Wszelkie zapytania mo\u017cna kierowa\u0107 telefonicznie pod,&nbsp;<br>nr telefon\u00f3w&nbsp;<strong>785-504-868 lub 24\/364-99-01 od poniedzia\u0142ku do pi\u0105tku w godzinach 8.00-15.00.<\/strong><\/p>\n\n\n\n<p>Poniewa\u017c sytuacja rozwija si\u0119 dynamicznie, prosimy o \u015bledzenie naszej strony internetowej. O wszelkich zmianach b\u0119dziemy informowa\u0107 na bie\u017c\u0105co.<\/p>\n\n\n\n<p>Nasze dzia\u0142anie jest podyktowane dba\u0142o\u015bci\u0105 o zdrowie Pa\u0144stwa, zdrowie Pa\u0144stwa dzieci oraz zdrowie pracownik\u00f3w PPP nr 2.<\/p>\n\n\n\n<p>Dzi\u0119kujemy za zrozumienie z Pa\u0144stwa strony.<\/p>\n\n\n\n<p>Marzenna Czarnecka<\/p>\n\n\n\n<p>dyrektor Poradni Psychologiczno-Pedagogicznej nr 2 w P\u0142ocku<\/p>\n","protected":false},"excerpt":{"rendered":"<p>Szanowni Pa\u0144stwo, W zwi\u0105zku z&nbsp;rozprzestrzenianiem si\u0119 koronawirusa,&nbsp; za zgod\u0105 organu prowadz\u0105cego oraz na podstawie&nbsp;\u00a7&nbsp;18 ust. 2 pkt.2 Rozporz\u0105dzenia Ministra Edukacji Narodowej i Sportu z dnia 31 grudnia 2002 r.&nbsp;w sprawie bezpiecze\u0144stwa i higieny w publicznych i niepublicznych szko\u0142ach i plac\u00f3wkach informujemy,&nbsp; \u017ce dzia\u0142ania dydaktyczne Poradni Psychologiczno-Pedagogicznej nr 2 w P\u0142ocku [&hellip;]<\/p>\n","protected":false},"author":1,"featured_media":596,"comment_status":"closed","ping_status":"closed","sticky":false,"template":"","format":"standard","meta":{"_monsterinsights_skip_tracking":false,"_monsterinsights_sitenote_active":false,"_monsterinsights_sitenote_note":"","_monsterinsights_sitenote_category":0,"_themeisle_gutenberg_block_has_review":false,"footnotes":""},"categories":[18],"tags":[],"class_list":["post-598","post","type-post","status-publish","format-standard","has-post-thumbnail","hentry","category-informacje"],"_links":{"self":[{"href":"https:\/\/poradniaplock2.pl\/index.php?rest_route=\/wp\/v2\/posts\/598","targetHints":{"allow":["GET"]}}],"collection":[{"href":"https:\/\/poradniaplock2.pl\/index.php?rest_route=\/wp\/v2\/posts"}],"about":[{"href":"https:\/\/poradniaplock2.pl\/index.php?rest_route=\/wp\/v2\/types\/post"}],"author":[{"embeddable":true,"href":"https:\/\/poradniaplock2.pl\/index.php?rest_route=\/wp\/v2\/users\/1"}],"replies":[{"embeddable":true,"href":"https:\/\/poradniaplock2.pl\/index.php?rest_route=%2Fwp%2Fv2%2Fcomments&post=598"}],"version-history":[{"count":1,"href":"https:\/\/poradniaplock2.pl\/index.php?rest_route=\/wp\/v2\/posts\/598\/revisions"}],"predecessor-version":[{"id":599,"href":"https:\/\/poradniaplock2.pl\/index.php?rest_route=\/wp\/v2\/posts\/598\/revisions\/599"}],"wp:featuredmedia":[{"embeddable":true,"href":"https:\/\/poradniaplock2.pl\/index.php?rest_route=\/wp\/v2\/media\/596"}],"wp:attachment":[{"href":"https:\/\/poradniaplock2.pl\/index.php?rest_route=%2Fwp%2Fv2%2Fmedia&parent=598"}],"wp:term":[{"taxonomy":"category","embeddable":true,"href":"https:\/\/poradniaplock2.pl\/index.php?rest_route=%2Fwp%2Fv2%2Fcategories&post=598"},{"taxonomy":"post_tag","embeddable":true,"href":"https:\/\/poradniaplock2.pl\/index.php?rest_route=%2Fwp%2Fv2%2Ftags&post=598"}],"curies":[{"name":"wp","href":"https:\/\/api.w.org\/{rel}","templated":true}]}}